{"id":2107,"date":"2024-06-05T13:49:59","date_gmt":"2024-06-05T11:49:59","guid":{"rendered":"https:\/\/www.pnt.uz.zgora.pl\/?p=2107"},"modified":"2024-06-05T13:49:59","modified_gmt":"2024-06-05T11:49:59","slug":"2107","status":"publish","type":"post","link":"http:\/\/www.pnt.uz.zgora.pl\/?p=2107","title":{"rendered":""},"content":{"rendered":"<p>Szanowni Pa\u0144stwo,<\/p>\n<p>W imieniu Urz\u0119du Marsza\u0142kowskiego Wojew\u00f3dztwa Lubuskiego \u2013 Centrum Obs\u0142ugi Inwestor\u00f3w i Eksporter\u00f3w,\u00a0serdecznie zapraszamy do udzia\u0142u w\u00a0bezp\u0142atnym spotkaniu informacyjnym\u00a0w zakresie rozwoju eksportu i inwestycji\u00a0za granic\u0105\u00a0dla przedsi\u0119biorstw z wojew\u00f3dztwa lubuskiego, pt.:<\/p>\n<p>&#8211;\u00a0\u201eKRAJE NORDYCKIE czyli jak sprzedawa\u0107 w krajach Wiking\u00f3w. Szansy i bariery zaistnienia lubuskich przedsi\u0119biorstw na p\u00f3\u0142nocnych rynkach ze szczeg\u00f3lnym uwzgl\u0119dnieniem Szwecji i Danii\u201d\u00a0&#8211; kt\u00f3re odb\u0119dzie si\u0119 w dniu 18.06.2024 r. w Organizacji Pracodawc\u00f3w Ziemi Lubuskiej,\u00a0ul. Reja 6,\u00a0Zielona G\u00f3ra<\/p>\n<p>Link do rejestracji online:\u00a0<a href=\"https:\/\/app.evenea.pl\/event\/krajenordyckie\/\" target=\"_blank\" rel=\"noopener\">https:\/\/app.evenea.pl\/event\/krajenordyckie\/<\/a><\/p>\n<div>\nSpotkanie prowadzone b\u0119dzie przez\u00a0<b>\u0141ukasza \u017baka<\/b>\u00a0&#8211; Prawnika, specjalizuj\u0105cego si\u0119 w zagadnieniach zwi\u0105zanych internacjonalizacj\u0105 przedsi\u0119biorstw w szczeg\u00f3lno\u015bci transgranicznym \u015bwiadczeniem us\u0142ug i delegowaniem pracownik\u00f3w a tak\u017ce tematyce dotycz\u0105cej tworzenia skutecznych strategii eksportowych. Ponadto specjalizuje si\u0119 w zagadnieniach zwi\u0105zanych z problematyk\u0105 zatrudniania cudzoziemc\u00f3w i prawem pracy. Ekspert i doradca w licznych inicjatywach i projektach wspieraj\u0105cych polskie przedsi\u0119biorstwa w rozwoju krajowym i zagranicznym.\u00a0Doradza\u0142 kilkudziesi\u0119ciu firmom z sektora budowlanego, przemys\u0142owego czy handlowego, skutecznie wspieraj\u0105c ich dzia\u0142alno\u015b\u0107 na rynkach zagranicznych\u00a0<a href=\"http:\/\/m.in\/\" target=\"_blank\" rel=\"noopener\">m.in<\/a>. w takich krajach jak Niemcy, Dania, Austria, Szwajcaria, Holandia, Wielka Brytania, Szwecja czy Norwegia. Cz\u0142onek Skandynawsko-Polskiej Izby Handlowej.<\/p>\n<div>\nSzczeg\u00f3\u0142owe informacje oraz program spotkania przesy\u0142amy w za\u0142\u0105czeniu.<\/p>\n<p>Korzy\u015bci z udzia\u0142u w spotkaniu informacyjnym:<br \/>\n&#8211;\u00a0\u00a0\u00a0\u00a0\u00a0\u00a0\u00a0minimum 4 h zaj\u0119\u0107, w tym cz\u0119\u015b\u0107 warsztatowa \/w godz. 10.00-14.00\/<br \/>\n&#8211;\u00a0\u00a0\u00a0\u00a0\u00a0\u00a0\u00a0komplet materia\u0142\u00f3w szkoleniowych<br \/>\n&#8211;\u00a0\u00a0\u00a0\u00a0\u00a0\u00a0\u00a0konsultacje indywidualne<br \/>\n&#8211;\u00a0\u00a0\u00a0\u00a0\u00a0\u00a0\u00a0za\u015bwiadczenie o udziale w spotkaniu<\/p>\n<p>Jednocze\u015bnie zapraszamy na kolejne spotkania, realizowane w ramach cyklu:<\/p><\/div>\n<div>&#8211; Skandynawia \/w tym kraje nordyckie, Norwegia i Finlandia\/ &#8211; 10.09.2024. &#8211; Gorz\u00f3w Wielkopolski<br \/>\n&#8211; Ameryka Po\u0142udniowa \/w tym Argentyna i Brazylia\/\u00a0&#8211; 19.09.2024\u00a0&#8211; Zielona G\u00f3ra<\/div>\n<div>&#8211; Kazachstan\u00a0&#8211; 02.10.2024\u00a0&#8211; Gorz\u00f3w Wielkopolski<\/div>\n<div>&#8211; Wielka Brytania\u00a0&#8211; 10.10.2024\u00a0&#8211; Zielona G\u00f3ra<br \/>\n&#8211; Hiszpania &#8211;\u00a022.10.2024\u00a0&#8211; \u017bary<br \/>\n&#8211; Ba\u0142kany oraz Bu\u0142garia\u00a0&#8211; 19.11.2024 &#8211; Mi\u0119dzyrzecz<br \/>\n&#8211; Francja\u00a0&#8211; 28.11.2024\u00a0&#8211; Gorz\u00f3w Wielkopolski<\/div>\n<div>&#8211; Japonia &#8211; 05.12.2024 &#8211; Zielona G\u00f3ra<\/p>\n<p>Wi\u0119cej informacji:<br \/>\n<a href=\"https:\/\/www.investinlubuskie.pl\/2024\/06\/04\/kraje-nordyckie-czyli-jak-sprzedawac-w-krajach-wikingow\/\" target=\"_blank\" rel=\"noopener\">https:\/\/www.investinlubuskie.pl\/2024\/06\/04\/kraje-nordyckie-czyli-jak-sprzedawac-w-krajach-wikingow\/<\/a><\/div>\n<div>\nW celu potwierdzenia udzia\u0142u w spotkaniach informacyjnych, prosimy o wype\u0142nienie formularza zg\u0142oszenia lub o kontakt.<\/div>\n<\/div>\n","protected":false},"excerpt":{"rendered":"<p>Szanowni Pa\u0144stwo, W imieniu Urz\u0119du Marsza\u0142kowskiego Wojew\u00f3dztwa Lubuskiego \u2013 Centrum Obs\u0142ugi Inwestor\u00f3w i Eksporter\u00f3w,\u00a0serdecznie zapraszamy do udzia\u0142u w\u00a0bezp\u0142atnym spotkaniu informacyjnym\u00a0w zakresie rozwoju eksportu i inwestycji\u00a0za granic\u0105\u00a0dla przedsi\u0119biorstw z wojew\u00f3dztwa lubuskiego, pt.: &#8211;\u00a0\u201eKRAJE NORDYCKIE czyli jak sprzedawa\u0107 w krajach Wiking\u00f3w. Szansy i bariery zaistnienia lubuskich przedsi\u0119biorstw na p\u00f3\u0142nocnych rynkach ze szczeg\u00f3lnym uwzgl\u0119dnieniem Szwecji i Danii\u201d\u00a0&#8211; kt\u00f3re odb\u0119dzie si\u0119 w dniu 18.06.2024 [&hellip;]<\/p>\n","protected":false},"author":1,"featured_media":2108,"comment_status":"closed","ping_status":"open","sticky":false,"template":"","format":"standard","meta":{"footnotes":""},"categories":[11,19,18,20,17],"tags":[],"class_list":["post-2107","post","type-post","status-publish","format-standard","has-post-thumbnail","hentry","category-aktualnosci","category-aktualnosci-cbzie","category-aktualnosci-cl","category-aktualnosci-cti","category-aktualnosci-tdzc"],"_links":{"self":[{"href":"http:\/\/www.pnt.uz.zgora.pl\/index.php?rest_route=\/wp\/v2\/posts\/2107","targetHints":{"allow":["GET"]}}],"collection":[{"href":"http:\/\/www.pnt.uz.zgora.pl\/index.php?rest_route=\/wp\/v2\/posts"}],"about":[{"href":"http:\/\/www.pnt.uz.zgora.pl\/index.php?rest_route=\/wp\/v2\/types\/post"}],"author":[{"embeddable":true,"href":"http:\/\/www.pnt.uz.zgora.pl\/index.php?rest_route=\/wp\/v2\/users\/1"}],"replies":[{"embeddable":true,"href":"http:\/\/www.pnt.uz.zgora.pl\/index.php?rest_route=%2Fwp%2Fv2%2Fcomments&post=2107"}],"version-history":[{"count":1,"href":"http:\/\/www.pnt.uz.zgora.pl\/index.php?rest_route=\/wp\/v2\/posts\/2107\/revisions"}],"predecessor-version":[{"id":2109,"href":"http:\/\/www.pnt.uz.zgora.pl\/index.php?rest_route=\/wp\/v2\/posts\/2107\/revisions\/2109"}],"wp:featuredmedia":[{"embeddable":true,"href":"http:\/\/www.pnt.uz.zgora.pl\/index.php?rest_route=\/wp\/v2\/media\/2108"}],"wp:attachment":[{"href":"http:\/\/www.pnt.uz.zgora.pl\/index.php?rest_route=%2Fwp%2Fv2%2Fmedia&parent=2107"}],"wp:term":[{"taxonomy":"category","embeddable":true,"href":"http:\/\/www.pnt.uz.zgora.pl\/index.php?rest_route=%2Fwp%2Fv2%2Fcategories&post=2107"},{"taxonomy":"post_tag","embeddable":true,"href":"http:\/\/www.pnt.uz.zgora.pl\/index.php?rest_route=%2Fwp%2Fv2%2Ftags&post=2107"}],"curies":[{"name":"wp","href":"https:\/\/api.w.org\/{rel}","templated":true}]}}